{"id":463,"date":"2011-01-08T08:38:48","date_gmt":"2011-01-08T07:38:48","guid":{"rendered":"http:\/\/www.blackmoonrose.de\/?p=463"},"modified":"2011-01-08T08:38:48","modified_gmt":"2011-01-08T07:38:48","slug":"gothic-friday-januar","status":"publish","type":"post","link":"https:\/\/www.blackmoonrose.de\/?p=463","title":{"rendered":"Gothic Friday Januar"},"content":{"rendered":"<p>Bin gerad bei Mahltied \u00fcber dieses St\u00f6ckchen gestolpert und dacht mir,ich mach da mal mit ^^<\/p>\n<p><a href=\"http:\/\/www.spontis.de\/schwarze-szene\/gothic-friday\/gothic-friday-januar-wie-bist-du-in-die-szene-gekommen\/\"><img loading=\"lazy\" decoding=\"async\" class=\"alignnone size-full wp-image-464\" title=\"Gothic-Friday\" src=\"http:\/\/basement.blackmoonrose.de\/wp-content\/uploads\/2011\/01\/Gothic-Friday.png\" alt=\"\" width=\"199\" height=\"199\" \/><\/a><br \/>\nThema diesen Monat :<\/p>\n<h2>Wie bist du in die Szene gekommen ?<\/h2>\n<p>Ich w\u00fcrde sagen,durch puren Zufall. Es war so Ende der 90iger als ich zuf\u00e4llig einem sympatischen Gr\u00fcppchen Gruftnasen begegnet bin.<br \/>\nFand\u00b4s damals ziemlich faszinierend wie sie gekleidet waren und aussahen. Fielen halt zwangsl\u00e4ufig auf und weckten mein Interesse.\u00a0 Ich sprach sie halt irgendwann mal einfach an und unterhielt mich super nett mit ihnen. Hatte nun keinen blassen Schimmer \u00fcber die Thematik Gothic. Nicht das ich noch nie Leute gesehen h\u00e4tte die irgendwie zu Punk,Metal oder Gothic geh\u00f6rten ^^\u00a0 1998 hatte ich dann DIE Infoquelle &#8230; Internet. Und da nahm das Elend quasie seinen Lauf (^.^) Anfangs noch eher versteckt und heimlich,fand die &#8220;optische Anpassung&#8221; statt,da ich genau wusste,das des &#8220;zu hause&#8221; absolut nicht ging. Mit der ersten eigenen Wohnung kam da langsam aber sicher Entspannung rein bzw. ich war\u00b4s auch irgendwann leid mich verstecken zu m\u00fcssen.\u00a0 Auch die Reaktion der Leute,die mich bis dahin eher als &#8220;brav&#8221; ,&#8221;nett&#8221; und extrem angepasst kannten &#8230; wurscht. Mir war es wichtiger etwas gefunden zu haben,wo ich sagen konnte &#8220;hey,das bin ich &#8230; der Rest ist mir egal&#8221;\u00a0  Hat halt ziemlich lang gedauert bis ich mich \u00f6ffentlich &#8220;geoutet&#8221; habe,aber mein Umfeld zu der Zeit war halt nicht gerad unproblematisch und nicht wirklich bekannt f\u00fcr das Thema Toleranz. Fanatisch christlich trifft auf Gothic &#8230; das war nen Gewitter ^^<\/p>\n<h2>Tagesform<\/h2>\n<p><strong>Wetter:<\/strong> Regen und sch\u00e4big o.O<br \/>\n<strong>Laune:<\/strong> n\u00e4\u00e4\u00e4\u00e4 &#8230;. mal gucken ^.^<br \/>\n<strong>Letztes Essen:<\/strong> Reisbratlinge *nom* und Nachtischapfel<br \/>\n<strong>Letztes Getr\u00e4nk:<\/strong> Cafe<br \/>\n<strong>Gesundheit:<\/strong> Bazillenschleuder<br \/>\n<strong>Stream :<\/strong> Funeral Home<br \/>\n<strong>Letzter Lesestoff:<\/strong> Blogs<br \/>\n<strong>Aktuelle Musik:<\/strong> &#8211;<br \/>\n<strong>Outfit:<\/strong> schwarze Samthose,schwarzes Shirt<br \/>\n<strong>Frisur:<\/strong> offen<br \/>\n<strong>Planung:<\/strong> immer noch W\u00e4sche loswerden und Ideen f\u00fcr Produktbeschreibungen bekommen.<br \/>\n<strong>Tageswunsch:<\/strong> kalt und Schneeeeee bitte wieder o.O<br \/>\n<strong>Feststellung des Tages :<\/strong> Momo kann einfach noch nicht den Gro\u00dfen makieren &#8230; es h\u00f6rt sich zu komisch an wenn er um Aufmerksamkeit maunzt ^^<\/p>\n","protected":false},"excerpt":{"rendered":"<p>Bin gerad bei Mahltied \u00fcber dieses St\u00f6ckchen gestolpert und dacht mir,ich mach da mal mit ^^ Thema diesen Monat : Wie bist du in die Szene gekommen ? Ich w\u00fcrde sagen,durch puren Zufall. Es war so Ende der 90iger als ich zuf\u00e4llig einem sympatischen Gr\u00fcppchen Gruftnasen begegnet bin. Fand\u00b4s damals ziemlich faszinierend wie sie gekleidet &hellip; <\/p>\n","protected":false},"author":2,"featured_media":0,"comment_status":"open","ping_status":"open","sticky":false,"template":"","format":"standard","meta":{"footnotes":""},"categories":[4],"tags":[],"class_list":["post-463","post","type-post","status-publish","format-standard","hentry","category-gehoelzwahn"],"_links":{"self":[{"href":"https:\/\/www.blackmoonrose.de\/index.php?rest_route=\/wp\/v2\/posts\/463","targetHints":{"allow":["GET"]}}],"collection":[{"href":"https:\/\/www.blackmoonrose.de\/index.php?rest_route=\/wp\/v2\/posts"}],"about":[{"href":"https:\/\/www.blackmoonrose.de\/index.php?rest_route=\/wp\/v2\/types\/post"}],"author":[{"embeddable":true,"href":"https:\/\/www.blackmoonrose.de\/index.php?rest_route=\/wp\/v2\/users\/2"}],"replies":[{"embeddable":true,"href":"https:\/\/www.blackmoonrose.de\/index.php?rest_route=%2Fwp%2Fv2%2Fcomments&post=463"}],"version-history":[{"count":0,"href":"https:\/\/www.blackmoonrose.de\/index.php?rest_route=\/wp\/v2\/posts\/463\/revisions"}],"wp:attachment":[{"href":"https:\/\/www.blackmoonrose.de\/index.php?rest_route=%2Fwp%2Fv2%2Fmedia&parent=463"}],"wp:term":[{"taxonomy":"category","embeddable":true,"href":"https:\/\/www.blackmoonrose.de\/index.php?rest_route=%2Fwp%2Fv2%2Fcategories&post=463"},{"taxonomy":"post_tag","embeddable":true,"href":"https:\/\/www.blackmoonrose.de\/index.php?rest_route=%2Fwp%2Fv2%2Ftags&post=463"}],"curies":[{"name":"wp","href":"https:\/\/api.w.org\/{rel}","templated":true}]}}